{"id":273,"date":"2022-01-10T09:55:14","date_gmt":"2022-01-10T09:55:14","guid":{"rendered":"https:\/\/avocatdk.eu\/imobiliar\/?p=273"},"modified":"2022-01-16T12:55:11","modified_gmt":"2022-01-16T12:55:11","slug":"contract-de-inchiriere-lejekontrakt","status":"publish","type":"post","link":"https:\/\/avocatdk.eu\/imobiliar\/2022\/01\/10\/contract-de-inchiriere-lejekontrakt\/","title":{"rendered":"Contract de \u00eenchiriere  (Lejekontrakt)"},"content":{"rendered":"\n<hr class=\"wp-block-separator has-text-color has-background has-nv-dark-bg-background-color has-nv-dark-bg-color is-style-wide\"\/>\n\n\n\n<p class=\"has-nv-dark-bg-color has-text-color\"><strong>Pentru cazurile de \u00eenchiriere pe termen lung, privat sau comercial, va oferim urmatoarele servicii<\/strong><\/p>\n\n\n\n<div class=\"wp-block-columns\">\n<div class=\"wp-block-column\" style=\"flex-basis:10%\"><\/div>\n\n\n\n<div class=\"wp-block-column\" style=\"flex-basis:300%\">\n<p class=\"has-nv-dark-bg-color has-text-color\" style=\"font-size:14px\">\u2022 \u00centocmirea unui Contract de \u00eenchiriere privat, \u00een conformitate cu termenii \u0219i acordurile p\u0103r\u021bilor interesate<br>\u2022 Procedura de modificare, prelungire \u0219i reziliere a contractului de \u00eenchiriere<br>\u2022 Rezilierea anticipat\u0103 a contractului de \u00eenchiriere<br>\u2022 Reducerea chiriei<br>\u2022 Orice diferen\u021b\u0103 de \u00eenchiriere<\/p>\n<\/div>\n<\/div>\n\n\n\n<div class=\"wp-block-columns alignwide tw-mb-0 has-text-color\" style=\"color:#111111\">\n<div class=\"wp-block-column tw-my-3\">\n<div class=\"wp-block-group tw-rounded-xl tw-shadow-xl tw-h-full tw-p-8 sm:tw-p-10 has-background\" style=\"background-color:#f3f3f3\"><div class=\"wp-block-group__inner-container\">\n<div class=\"wp-block-image tw-py-0\"><figure class=\"aligncenter size-full\"><img loading=\"lazy\" width=\"48\" height=\"48\" src=\"https:\/\/avocatdk.eu\/imobiliar\/wp-content\/uploads\/2022\/01\/icons8-law-48.png\" alt=\"\" class=\"wp-image-256\"\/><\/figure><\/div>\n\n\n\n<h2 class=\"has-text-align-center has-nv-dark-bg-color has-text-color has-medium-font-size\">\u00cenchiriere standard (Standardlejekontrakt)<span class=\"has-inline-color has-luminous-vivid-amber-color\">  <\/span> <\/h2>\n\n\n\n<p class=\"has-text-align-left has-nv-dark-bg-color has-text-color\" style=\"font-size:12px\">Este sarcina proprietarului s\u0103 redacteze contractul de \u00eenchiriere<br>Este important s\u0103 \u00eentelegeti con\u021binutul si s\u0103 verifica\u021bi dac\u0103 toate informatiile sunt corecte.<br>Ca regul\u0103, este folosit formularul standard de tip A, respectiv modelul A.9  pe care \u00eel puteti descarca <strong>aici<\/strong> <\/p>\n\n\n\n<figure class=\"wp-block-embed-pdf-viewer-pdf wp-block-embed-pdf-viewer-pdf__content-wrapper aligncenter\"><object class=\"embed-pdf-viewer\" data=\"https:\/\/avocatdk.eu\/imobiliar\/wp-content\/uploads\/2022\/01\/Form-A.9-Lejekontrakt.pdf#scrollbar=1&amp;toolbar=1\" type=\"application\/pdf\" height=\"380\" width=\"380\" title=\"\"><\/object><iframe loading=\"lazy\" class=\"embed-pdf-viewer\" src=\"https:\/\/docs.google.com\/viewer?url=https%3A%2F%2Favocatdk.eu%2Fimobiliar%2Fwp-content%2Fuploads%2F2022%2F01%2FForm-A.9-Lejekontrakt.pdf&amp;embedded=true\" frameborder=\"0\" height=\"380\" width=\"380\" title=\"\"><\/iframe><\/figure>\n\n\n\n<p><\/p>\n<\/div><\/div>\n<\/div>\n<\/div>\n","protected":false},"excerpt":{"rendered":"<p>Pentru cazurile de \u00eenchiriere pe termen lung, privat sau comercial, va oferim urmatoarele servicii \u2022 \u00centocmirea unui Contract de \u00eenchiriere privat, \u00een conformitate cu termenii \u0219i acordurile p\u0103r\u021bilor interesate\u2022 Procedura de modificare, prelungire \u0219i reziliere a contractului de \u00eenchiriere\u2022 Rezilierea anticipat\u0103 a contractului de \u00eenchiriere\u2022 Reducerea chiriei\u2022 Orice diferen\u021b\u0103 de \u00eenchiriere \u00cenchiriere standard (Standardlejekontrakt) Este&hellip;&nbsp;<a href=\"https:\/\/avocatdk.eu\/imobiliar\/2022\/01\/10\/contract-de-inchiriere-lejekontrakt\/\" class=\"\" rel=\"bookmark\">Cite\u0219te mai mult &raquo;<span class=\"screen-reader-text\">Contract de \u00eenchiriere  (Lejekontrakt)<\/span><\/a><\/p>\n","protected":false},"author":1,"featured_media":0,"comment_status":"open","ping_status":"open","sticky":false,"template":"","format":"standard","meta":{"neve_meta_sidebar":"","neve_meta_container":"","neve_meta_enable_content_width":"","neve_meta_content_width":0,"neve_meta_title_alignment":"","neve_meta_author_avatar":"","neve_post_elements_order":"","neve_meta_disable_header":"","neve_meta_disable_footer":"","neve_meta_disable_title":""},"categories":[1],"tags":[],"_links":{"self":[{"href":"https:\/\/avocatdk.eu\/imobiliar\/wp-json\/wp\/v2\/posts\/273"}],"collection":[{"href":"https:\/\/avocatdk.eu\/imobiliar\/wp-json\/wp\/v2\/posts"}],"about":[{"href":"https:\/\/avocatdk.eu\/imobiliar\/wp-json\/wp\/v2\/types\/post"}],"author":[{"embeddable":true,"href":"https:\/\/avocatdk.eu\/imobiliar\/wp-json\/wp\/v2\/users\/1"}],"replies":[{"embeddable":true,"href":"https:\/\/avocatdk.eu\/imobiliar\/wp-json\/wp\/v2\/comments?post=273"}],"version-history":[{"count":12,"href":"https:\/\/avocatdk.eu\/imobiliar\/wp-json\/wp\/v2\/posts\/273\/revisions"}],"predecessor-version":[{"id":439,"href":"https:\/\/avocatdk.eu\/imobiliar\/wp-json\/wp\/v2\/posts\/273\/revisions\/439"}],"wp:attachment":[{"href":"https:\/\/avocatdk.eu\/imobiliar\/wp-json\/wp\/v2\/media?parent=273"}],"wp:term":[{"taxonomy":"category","embeddable":true,"href":"https:\/\/avocatdk.eu\/imobiliar\/wp-json\/wp\/v2\/categories?post=273"},{"taxonomy":"post_tag","embeddable":true,"href":"https:\/\/avocatdk.eu\/imobiliar\/wp-json\/wp\/v2\/tags?post=273"}],"curies":[{"name":"wp","href":"https:\/\/api.w.org\/{rel}","templated":true}]}}